{"id":8608,"date":"2016-11-29T14:19:07","date_gmt":"2016-11-29T18:19:07","guid":{"rendered":"http:\/\/www.cinecalidad.com\/espana\/?p=8608"},"modified":"2016-11-29T14:19:07","modified_gmt":"2016-11-29T18:19:07","slug":"kubo-y-las-dos-cuerdas-magicas-online-descarga","status":"publish","type":"post","link":"https:\/\/www.cinecalidad.fun\/espana\/pelicula\/kubo-y-las-dos-cuerdas-magicas-online-descarga\/","title":{"rendered":"Kubo y las dos cuerdas m\u00e1gicas (2016)"},"content":{"rendered":"<table width=\"960\" border=\"0\" cellspacing=\"0\" cellpadding=\"0\">\r\n  <tr>\r\n    <td style=\"padding-left:0px\"> <img loading=\"lazy\" decoding=\"async\" src=\"\/espana\/wp-content\/uploads\/2016\/11\/kubo-y-las-dos-cuerdas-magicas.jpg\" alt=\"kubo-y-las-dos-cuerdas-magicas\" width=\"416\" height=\"600\" class=\"alignnone size-full wp-image-8609\" srcset=\"https:\/\/www.cinecalidad.fun\/espana\/wp-content\/uploads\/2016\/11\/kubo-y-las-dos-cuerdas-magicas.jpg 416w, https:\/\/www.cinecalidad.fun\/espana\/wp-content\/uploads\/2016\/11\/kubo-y-las-dos-cuerdas-magicas-103x150.jpg 103w\" sizes=\"auto, (max-width: 416px) 100vw, 416px\" \/> <\/td>\r\n    <td style=\"text-align:justify\">\r\n    <p>Kubo tiene una vida tranquila en una peque\u00f1a aldea hasta que un esp\u00edritu del pasado en busca de venganza lo cambia todo. Ahora Kubo debe encontrar una armadura m\u00e1gica para enfrent\u00e1rsele, la cual alguna vez fue usada por su padre, un legendario guerrero Samurai.<\/p>\r\n<p>&nbsp;<\/p><p>\r\n<span><strong>T\u00edtulos: <\/strong>Kubo y las dos cuerdas m\u00e1gicas | Kubo y la b\u00fasqueda Samurai | Kubo and the Two Strings<\/span><br \/>\r\n<span><strong>G\u00e9neros: <\/strong>Animaci\u00f3n | Aventura | Infantil<\/span><br \/>\r\n<span><strong> Audio: <\/strong>Castellano Espa\u00f1a e Ingl\u00e9s subtitulada<\/span><br \/>\r\n<span><strong> Calidad: <\/strong>Full HD Bluray - Video H.264 1900kbps | Audio AAC 160kbps<\/span><\/p>\r\n<div id=\"imdb-box\"><strong>IMDb: <\/strong> <div id=\"star-rating-box\"><div class=\"star-ratings-css\">\r\n\t<div class=\"star-ratings-css-top\" style=\"width: 80%\"><span>\u2605<\/span><span>\u2605<\/span><span>\u2605<\/span><span>\u2605<\/span><span>\u2605<\/span><\/div>\r\n\t<div class=\"star-ratings-css-bottom\"><span>\u2605<\/span><span>\u2605<\/span><span>\u2605<\/span><span>\u2605<\/span><span>\u2605<\/span><\/div>\r\n<\/div><\/div>  <a href=\"http:\/\/www.imdb.com\/title\/tt4302938\/\" rel=\"nofollow\" target=\"_blank\" style=\"font-weight:bold\">8.0\/10<\/a> de 31,030 votos<\/div>\r\n<p><span><strong>Director: <\/strong>Travis Knight<\/span><br \/>\r\n<span><strong>Elenco: <\/strong>Charlize Theron, Art Parkinson, Ralph Fiennes, George Takei, Cary-Hiroyuki Tagawa, Brenda Vaccaro, Rooney Mara, Matthew McConaughey, Meyrick Murphy, Minae Noji, Alpha Takahashi, Laura Miro, Ken Takemoto, Aaron Aoki, Luke Donaldson<\/span><\/p><\/td>\r\n  <\/tr>\r\n<\/table>\r\n<div >\r\n<iframe loading=\"lazy\" id=\"post_iframe\" width=\"960\" height=\"630\" src=\"\/ver.php?v=5&t=V2PN5XfnhpI&onutb=iw5qojia07jj&onuf=a0qncjvkchkd&ontv=xy72c3biil95&ddtb=zmvrzpe9vg3j&prme=hf4z&ddut=8jvdtafg&ddmf=21bf2ljnfycxhmm&sub=kubo.and.the.two.strings.2016.zip\" scrolling=\"no\" frameborder=\"0\"><\/iframe>\r\n<strong> <\/strong><\/div>\r\n","protected":false},"excerpt":{"rendered":"<p>Kubo tiene una vida tranquila en una peque\u00f1a aldea hasta que un esp\u00edritu del pasado en busca de venganza lo cambia todo. Ahora Kubo debe encontrar una armadura m\u00e1gica para enfrent\u00e1rsele, la cual alguna vez fue usada por su padre, un legendario guerrero Samurai. &nbsp; T\u00edtulos: Kubo y las dos cuerdas m\u00e1gicas | Kubo y [&hellip;]<\/p>\n","protected":false},"author":1,"featured_media":8609,"comment_status":"open","ping_status":"open","sticky":false,"template":"","format":"standard","meta":{"footnotes":""},"categories":[85,10,86],"tags":[9423,11480,11477,11470,9320,11473,11472,10848,11471,11479,11478,11481,11474,11475,11476,10356,10161,11469],"class_list":["post-8608","post","type-post","status-publish","format-standard","has-post-thumbnail","hentry","category-animacion","category-aventura","category-infantil","tag-9423","tag-aaron-aoki","tag-alpha-takahashi","tag-art-parkinson","tag-audio-castellano","tag-brenda-vaccaro","tag-cary-hiroyuki-tagawa","tag-charlize-theron","tag-george-takei","tag-ken-takemoto","tag-laura-miro","tag-luke-donaldson","tag-matthew-mcconaughey","tag-meyrick-murphy","tag-minae-noji","tag-ralph-fiennes","tag-rooney-mara","tag-travis-knight"],"aioseo_notices":[],"_links":{"self":[{"href":"https:\/\/www.cinecalidad.fun\/espana\/wp-json\/wp\/v2\/posts\/8608","targetHints":{"allow":["GET"]}}],"collection":[{"href":"https:\/\/www.cinecalidad.fun\/espana\/wp-json\/wp\/v2\/posts"}],"about":[{"href":"https:\/\/www.cinecalidad.fun\/espana\/wp-json\/wp\/v2\/types\/post"}],"author":[{"embeddable":true,"href":"https:\/\/www.cinecalidad.fun\/espana\/wp-json\/wp\/v2\/users\/1"}],"replies":[{"embeddable":true,"href":"https:\/\/www.cinecalidad.fun\/espana\/wp-json\/wp\/v2\/comments?post=8608"}],"version-history":[{"count":1,"href":"https:\/\/www.cinecalidad.fun\/espana\/wp-json\/wp\/v2\/posts\/8608\/revisions"}],"predecessor-version":[{"id":8610,"href":"https:\/\/www.cinecalidad.fun\/espana\/wp-json\/wp\/v2\/posts\/8608\/revisions\/8610"}],"wp:featuredmedia":[{"embeddable":true,"href":"https:\/\/www.cinecalidad.fun\/espana\/wp-json\/wp\/v2\/media\/8609"}],"wp:attachment":[{"href":"https:\/\/www.cinecalidad.fun\/espana\/wp-json\/wp\/v2\/media?parent=8608"}],"wp:term":[{"taxonomy":"category","embeddable":true,"href":"https:\/\/www.cinecalidad.fun\/espana\/wp-json\/wp\/v2\/categories?post=8608"},{"taxonomy":"post_tag","embeddable":true,"href":"https:\/\/www.cinecalidad.fun\/espana\/wp-json\/wp\/v2\/tags?post=8608"}],"curies":[{"name":"wp","href":"https:\/\/api.w.org\/{rel}","templated":true}]}}