{"id":9394,"date":"2017-09-04T10:40:32","date_gmt":"2017-09-04T14:40:32","guid":{"rendered":"http:\/\/www.cinecalidad.to\/espana\/?p=9394"},"modified":"2017-09-04T10:40:32","modified_gmt":"2017-09-04T14:40:32","slug":"stefan-zweig-adios-a-europa-2016-online-descarga","status":"publish","type":"post","link":"https:\/\/www.cinecalidad.fun\/espana\/pelicula\/stefan-zweig-adios-a-europa-2016-online-descarga\/","title":{"rendered":"Stefan Zweig: Adi\u00f3s a Europa (2016)"},"content":{"rendered":"<table border=\"0\" cellspacing=\"0\" cellpadding=\"0\"><tr>\r\n<td style=\"padding-left:0px\"> <img loading=\"lazy\" decoding=\"async\" src=\"\/espana\/wp-content\/uploads\/2017\/09\/stefan-zweig-farewell-to-europe.jpg\" alt=\"\" width=\"415\" height=\"600\" class=\"alignnone size-full wp-image-9395\" srcset=\"https:\/\/www.cinecalidad.fun\/espana\/wp-content\/uploads\/2017\/09\/stefan-zweig-farewell-to-europe.jpg 415w, https:\/\/www.cinecalidad.fun\/espana\/wp-content\/uploads\/2017\/09\/stefan-zweig-farewell-to-europe-103x150.jpg 103w\" sizes=\"auto, (max-width: 415px) 100vw, 415px\" \/> <\/td>\r\n<td style=\"text-align:justify\">\r\n<p>Los a\u00f1os de exilio de la vida del famoso escritor jud\u00edo-austriaco Stefan Zweig, su lucha interna por la \"actitud correcta\" hacia los eventos de la guerra en Europa, y su b\u00fasqueda por un nuevo hogar.<\/p>\r\n<p>&nbsp;<\/p>\r\n<p><span><strong>T\u00edtulos:<\/strong> Stefan Zweig: Adi\u00f3s a Europa | Stefan Zweig: Farewell to Europe<\/span><br \/>\r\n<span><strong>G\u00e9neros:<\/strong> Drama<\/span><br \/>\r\n<span><strong>Audio:<\/strong> Castellano Espa\u00f1a y Alem\u00e1n subtitulada<\/span><br \/>\r\n<span><strong>Calidad:<\/strong> Full HD Bluray - Video H.264 2000kbps | Audio AAC 160kbps<\/span><\/p>\r\n<div id=\"imdb-box\"><strong>IMDb:<\/strong> <div id=\"star-rating-box\"><div class=\"star-ratings-css\">\r\n<div class=\"star-ratings-css-top\" style=\"width: 69%\"><span>\u2605<\/span><span>\u2605<\/span><span>\u2605<\/span><span>\u2605<\/span><span>\u2605<\/span><\/div>\r\n<div class=\"star-ratings-css-bottom\"><span>\u2605<\/span><span>\u2605<\/span><span>\u2605<\/span><span>\u2605<\/span><span>\u2605<\/span><\/div>\r\n<\/div><\/div> \u00a0<a href=\"http:\/\/www.imdb.com\/title\/tt3397160\/\" rel=\"nofollow\" target=\"_blank\" style=\"font-weight:bold\">6.9\/10<\/a> de 987 votos<\/div>\r\n<p><span><strong>Director:<\/strong> Maria Schrader<\/span><br \/>\r\n<span><strong>Elenco:<\/strong> Barbara Sukowa, T\u00f3mas Lemarquis, Nahuel P\u00e9rez Biscayart, Cristina do Rego, Charly H\u00fcbner, Josef Hader, Lenn Kudrjawizki, Harvey Friedman, Ivan Shvedoff, Valerie Pachner, Jane Chirwa, Nicolau Breyner, Matthias Brandt, Manuel Cortez, Andr\u00e9 Szymanski<\/span><\/p><!--PlaceholderForAds--><\/td>\r\n<\/tr><\/table><div><!--PlaceholderForLinks--><\/div>","protected":false},"excerpt":{"rendered":"<p>Los a\u00f1os de exilio de la vida del famoso escritor jud\u00edo-austriaco Stefan Zweig, su lucha interna por la \"actitud correcta\" hacia los eventos de la guerra en Europa, y su b\u00fasqueda por un nuevo hogar. &nbsp; T\u00edtulos: Stefan Zweig: Adi\u00f3s a Europa | Stefan Zweig: Farewell to Europe G\u00e9neros: Drama Audio: Castellano Espa\u00f1a y Alem\u00e1n [&hellip;]<\/p>\n","protected":false},"author":1,"featured_media":9395,"comment_status":"closed","ping_status":"open","sticky":false,"template":"","format":"standard","meta":{"footnotes":""},"categories":[69],"tags":[9423,13741,9320,13727,13731,13730,13734,13735,13737,13732,13733,13740,13726,13739,13729,13738,13728,13736],"class_list":["post-9394","post","type-post","status-publish","format-standard","has-post-thumbnail","hentry","category-drama","tag-9423","tag-andre-szymanski","tag-audio-castellano","tag-barbara-sukowa","tag-charly-hubner","tag-cristina-do-rego","tag-harvey-friedman","tag-ivan-shvedoff","tag-jane-chirwa","tag-josef-hader","tag-lenn-kudrjawizki","tag-manuel-cortez","tag-maria-schrader","tag-matthias-brandt","tag-nahuel-perez-biscayart","tag-nicolau-breyner","tag-tomas-lemarquis","tag-valerie-pachner"],"aioseo_notices":[],"_links":{"self":[{"href":"https:\/\/www.cinecalidad.fun\/espana\/wp-json\/wp\/v2\/posts\/9394","targetHints":{"allow":["GET"]}}],"collection":[{"href":"https:\/\/www.cinecalidad.fun\/espana\/wp-json\/wp\/v2\/posts"}],"about":[{"href":"https:\/\/www.cinecalidad.fun\/espana\/wp-json\/wp\/v2\/types\/post"}],"author":[{"embeddable":true,"href":"https:\/\/www.cinecalidad.fun\/espana\/wp-json\/wp\/v2\/users\/1"}],"replies":[{"embeddable":true,"href":"https:\/\/www.cinecalidad.fun\/espana\/wp-json\/wp\/v2\/comments?post=9394"}],"version-history":[{"count":1,"href":"https:\/\/www.cinecalidad.fun\/espana\/wp-json\/wp\/v2\/posts\/9394\/revisions"}],"predecessor-version":[{"id":9396,"href":"https:\/\/www.cinecalidad.fun\/espana\/wp-json\/wp\/v2\/posts\/9394\/revisions\/9396"}],"wp:featuredmedia":[{"embeddable":true,"href":"https:\/\/www.cinecalidad.fun\/espana\/wp-json\/wp\/v2\/media\/9395"}],"wp:attachment":[{"href":"https:\/\/www.cinecalidad.fun\/espana\/wp-json\/wp\/v2\/media?parent=9394"}],"wp:term":[{"taxonomy":"category","embeddable":true,"href":"https:\/\/www.cinecalidad.fun\/espana\/wp-json\/wp\/v2\/categories?post=9394"},{"taxonomy":"post_tag","embeddable":true,"href":"https:\/\/www.cinecalidad.fun\/espana\/wp-json\/wp\/v2\/tags?post=9394"}],"curies":[{"name":"wp","href":"https:\/\/api.w.org\/{rel}","templated":true}]}}